{"id":52,"date":"2018-01-09T10:08:53","date_gmt":"2018-01-09T10:08:53","guid":{"rendered":"https:\/\/lacazalladeronda.com\/2018-1-8-ronda-an-inspiration-for-writers-and-artists-and-la-cazalla-the-perfect-writers-retreat\/"},"modified":"2024-09-27T11:12:39","modified_gmt":"2024-09-27T10:12:39","slug":"2018-1-8-ronda-an-inspiration-for-writers-and-artists-and-la-cazalla-the-perfect-writers-retreat","status":"publish","type":"post","link":"https:\/\/lacazalladeronda.com\/es\/2018-1-8-ronda-an-inspiration-for-writers-and-artists-and-la-cazalla-the-perfect-writers-retreat\/","title":{"rendered":"Ronda: An inspiration for writers and artists, and La Cazalla: the perfect writer&#8217;s retreat"},"content":{"rendered":"<div class=\"sqs-html-content\">\n<p>\u2018Retreat\u2019 &#8211; it is an interesting oddity that the dictionary meaning of the verb \u2018to retreat\u2019 is to withdraw from enemy forces, to fall back after a defeat, to run away or to change one\u2019s mind, attitude or plans as a result of criticism or difficulty. Yet the modern connection with the word is entirely more pleasant and positive; nowadays we dream of going on a yoga retreat, or unblocking our creative juices at a writer&#8217;s retreat or art or photography retreat. We think more often of a retreat as a quiet or secluded place in which one can rest and relax, a refuge, a haven, a sanctuary.<\/p>\n<\/div>\n<div\n        class=\"image-block-outer-wrapper          layout-caption-hidden          design-layout-inline\"\n        data-test=\"image-block-inline-outer-wrapper\"\n    ><\/p>\n<figure\n            class=\"sqs-block-image-figure              intrinsic\"\n            style=\"max-width:500px;\"\n        ><\/p>\n<p>            <button\n                class=\"sqs-block-image-button                  lightbox\"\n                data-description=\"\"\n                data-lightbox-theme=\"dark\"\n            ><br \/>\n              <span class=\"v6-visually-hidden\">View fullsize<\/span><\/p>\n<div\n              \n              \n              class=\"image-block-wrapper\"\n              data-animation-role=\"image\"\n              \n  data-animation-override\n\n><\/p>\n<div class=\"sqs-image-shape-container-element                                              has-aspect-ratio\" style=\"                position: relative;                                  padding-bottom:66.5999984741211%;                                overflow: hidden;-webkit-mask-image: -webkit-radial-gradient(white, black);              \"\n              ><\/p>\n<p>                <img loading=\"lazy\" data-stretch=\"false\" src=\"https:\/\/lacazalladeronda.com\/wp-content\/uploads\/2024\/09\/19_luxury_villa_rental_ronda.jpg\" data-image=\"https:\/\/lacazalladeronda.com\/wp-content\/uploads\/2024\/09\/19_luxury_villa_rental_ronda.jpg\" data-image-dimensions=\"500x333\" data-image-focal-point=\"0.5,0.5\" alt=\"luxury_villa_rental_ronda.jpg\" data-load=\"false\" elementtiming=\"system-image-block\" width=\"500\" height=\"333\" sizes=\"auto, (max-width: 640px) 100vw, (max-width: 767px) 100vw, 100vw\" style=\"display:block;object-fit: cover; width: 100%; height: 100%; object-position: 50% 50%\" onload=\"this.classList.add(&quot;loaded&quot;)\" srcset=\"https:\/\/lacazalladeronda.com\/wp-content\/uploads\/2024\/09\/19_luxury_villa_rental_ronda.jpg?format=100w 100w, https:\/\/lacazalladeronda.com\/wp-content\/uploads\/2024\/09\/19_luxury_villa_rental_ronda.jpg?format=300w 300w, https:\/\/lacazalladeronda.com\/wp-content\/uploads\/2024\/09\/19_luxury_villa_rental_ronda.jpg?format=500w 500w, https:\/\/lacazalladeronda.com\/wp-content\/uploads\/2024\/09\/19_luxury_villa_rental_ronda.jpg?format=750w 750w, https:\/\/lacazalladeronda.com\/wp-content\/uploads\/2024\/09\/19_luxury_villa_rental_ronda.jpg?format=1000w 1000w, https:\/\/lacazalladeronda.com\/wp-content\/uploads\/2024\/09\/19_luxury_villa_rental_ronda.jpg?format=1500w 1500w, https:\/\/lacazalladeronda.com\/wp-content\/uploads\/2024\/09\/19_luxury_villa_rental_ronda.jpg?format=2500w 2500w\" decoding=\"async\" data-loader=\"sqs\"><\/p><\/div>\n<\/p><\/div>\n<p>            <\/button><\/p>\n<\/figure><\/div>\n<div\n        class=\"image-block-outer-wrapper          layout-caption-below          design-layout-inline\"\n        data-test=\"image-block-inline-outer-wrapper\"\n    ><\/p>\n<figure\n            class=\"sqs-block-image-figure              intrinsic\"\n            style=\"max-width:180px;\"\n        ><\/p>\n<p>            <button\n                class=\"sqs-block-image-button                  lightbox\"\n                data-description=\"&lt;p&gt;&quot;It is never too late to be what you might have been&quot;&lt;\/p&gt;\"\n                data-lightbox-theme=\"dark\"\n            ><br \/>\n              <span class=\"v6-visually-hidden\">View fullsize<\/span><\/p>\n<div\n              \n              \n              class=\"image-block-wrapper\"\n              data-animation-role=\"image\"\n              \n  data-animation-override\n\n><\/p>\n<div class=\"sqs-image-shape-container-element                                              has-aspect-ratio\" style=\"                position: relative;                                  padding-bottom:133.33334350585938%;                                overflow: hidden;-webkit-mask-image: -webkit-radial-gradient(white, black);              \"\n              ><\/p>\n<p>                <img loading=\"lazy\" data-stretch=\"false\" src=\"https:\/\/lacazalladeronda.com\/wp-content\/uploads\/2024\/09\/george_eliot.jpg\" data-image=\"https:\/\/lacazalladeronda.com\/wp-content\/uploads\/2024\/09\/george_eliot.jpg\" data-image-dimensions=\"180x240\" data-image-focal-point=\"0.5,0.5\" alt=\"&quot;It is never too late to be what you might have been&quot;\" data-load=\"false\" elementtiming=\"system-image-block\" width=\"180\" height=\"240\" sizes=\"auto, (max-width: 640px) 100vw, (max-width: 767px) 100vw, 100vw\" style=\"display:block;object-fit: cover; width: 100%; height: 100%; object-position: 50% 50%\" onload=\"this.classList.add(&quot;loaded&quot;)\" srcset=\"https:\/\/lacazalladeronda.com\/wp-content\/uploads\/2024\/09\/george_eliot.jpg?format=100w 100w, https:\/\/lacazalladeronda.com\/wp-content\/uploads\/2024\/09\/george_eliot.jpg?format=300w 300w, https:\/\/lacazalladeronda.com\/wp-content\/uploads\/2024\/09\/george_eliot.jpg?format=500w 500w, https:\/\/lacazalladeronda.com\/wp-content\/uploads\/2024\/09\/george_eliot.jpg?format=750w 750w, https:\/\/lacazalladeronda.com\/wp-content\/uploads\/2024\/09\/george_eliot.jpg?format=1000w 1000w, https:\/\/lacazalladeronda.com\/wp-content\/uploads\/2024\/09\/george_eliot.jpg?format=1500w 1500w, https:\/\/lacazalladeronda.com\/wp-content\/uploads\/2024\/09\/george_eliot.jpg?format=2500w 2500w\" decoding=\"async\" data-loader=\"sqs\"><\/p><\/div>\n<\/p><\/div>\n<p>            <\/button><figcaption class=\"image-caption-wrapper\">\n<div class=\"image-caption\">\n<p>&#8220;It is never too late to be what you might have been&#8221;<\/p>\n<\/div>\n<\/figcaption><\/figure>\n<\/p><\/div>\n<div class=\"sqs-html-content\">\n<p>The beautiful, mountainous city of Ronda in southern Spain has served as inspiration for many artists over the centuries. British author Mary Anne Evans, better known by her pen name George Eliot, famously named the title character of her controversial Victorian novel Daniel Deronda. Deronda is a Jew brought up as an Englishman, and his Spanish surname \u201cDeronda\u201d translates to \u201cfrom Ronda\u201d, understood as a reference to the character\u2019s Jewish ancestors who lived in the Spanish village of Ronda before the Jews were expelled from Spain in 1492.<\/p>\n<p>In the first decades of the 20th century, the famous German poet <a target=\"_blank\" href=\"https:\/\/en.m.wikipedia.org\/wiki\/Rainer_Maria_Rilke\" rel=\"noopener\">Rainer Maria Rilke<\/a>&nbsp;spent extended periods in Ronda, where he kept a permanent room at the Hotel Reina Victoria (built in 1906). His room remains to this day as he left it:&nbsp;a mini-museum of Rilkeana. According to the hotel&#8217;s publicity, Rilke wrote (though probably not in Spanish) &#8220;He buscado por todas partes la ciudad so\u00f1ada, y al fin la he encontrado en Ronda&#8221; and &#8220;No hay nada m\u00e1s inesperado en Espa\u00f1a que esta ciudad salvaje y monta\u00f1era&#8221; (&#8220;I have sought everywhere the city of my dreams, and I have finally found it in Ronda&#8221; and &#8220;Nothing is more startling in Spain than this wild and mountainous city&#8221;).<\/p>\n<\/div>\n<div\n        class=\"image-block-outer-wrapper          layout-caption-hidden          design-layout-inline\"\n        data-test=\"image-block-inline-outer-wrapper\"\n    ><\/p>\n<figure\n            class=\"sqs-block-image-figure              intrinsic\"\n            style=\"max-width:850px;\"\n        ><\/p>\n<p>            <button\n                class=\"sqs-block-image-button                  lightbox\"\n                data-description=\"\"\n                data-lightbox-theme=\"dark\"\n            ><br \/>\n              <span class=\"v6-visually-hidden\">View fullsize<\/span><\/p>\n<div\n              \n              \n              class=\"image-block-wrapper\"\n              data-animation-role=\"image\"\n              \n  data-animation-override\n\n><\/p>\n<div class=\"sqs-image-shape-container-element                                              has-aspect-ratio\" style=\"                position: relative;                                  padding-bottom:47.05882263183594%;                                overflow: hidden;-webkit-mask-image: -webkit-radial-gradient(white, black);              \"\n              ><\/p>\n<p>                <img loading=\"lazy\" data-stretch=\"false\" src=\"https:\/\/lacazalladeronda.com\/wp-content\/uploads\/2024\/09\/20_luxury_villa_rental_ronda.jpg\" data-image=\"https:\/\/lacazalladeronda.com\/wp-content\/uploads\/2024\/09\/20_luxury_villa_rental_ronda.jpg\" data-image-dimensions=\"850x400\" data-image-focal-point=\"0.5,0.5\" alt=\"luxury_villa_rental_ronda\" data-load=\"false\" elementtiming=\"system-image-block\" width=\"850\" height=\"400\" sizes=\"auto, (max-width: 640px) 100vw, (max-width: 767px) 100vw, 100vw\" style=\"display:block;object-fit: cover; width: 100%; height: 100%; object-position: 50% 50%\" onload=\"this.classList.add(&quot;loaded&quot;)\" srcset=\"https:\/\/lacazalladeronda.com\/wp-content\/uploads\/2024\/09\/20_luxury_villa_rental_ronda.jpg?format=100w 100w, https:\/\/lacazalladeronda.com\/wp-content\/uploads\/2024\/09\/20_luxury_villa_rental_ronda.jpg?format=300w 300w, https:\/\/lacazalladeronda.com\/wp-content\/uploads\/2024\/09\/20_luxury_villa_rental_ronda.jpg?format=500w 500w, https:\/\/lacazalladeronda.com\/wp-content\/uploads\/2024\/09\/20_luxury_villa_rental_ronda.jpg?format=750w 750w, https:\/\/lacazalladeronda.com\/wp-content\/uploads\/2024\/09\/20_luxury_villa_rental_ronda.jpg?format=1000w 1000w, https:\/\/lacazalladeronda.com\/wp-content\/uploads\/2024\/09\/20_luxury_villa_rental_ronda.jpg?format=1500w 1500w, https:\/\/lacazalladeronda.com\/wp-content\/uploads\/2024\/09\/20_luxury_villa_rental_ronda.jpg?format=2500w 2500w\" decoding=\"async\" data-loader=\"sqs\"><\/p><\/div>\n<\/p><\/div>\n<p>            <\/button><\/p>\n<\/figure><\/div>\n<div class=\"sqs-html-content\">\n<p>The views from the terrace of this old hotel are some of the most spectacular in Ronda, topped only by those from the rooftop bar of its new sister hotel, the Catalonia, which looms over the bullring and has the whole vista of the Sierra de las Nieves and the Grazalema mountains laid out in front of it. From here you can let your mind wander as far as the eye can see, with the aid of relaxing beverage of course!<\/p>\n<\/div>\n<div\n        class=\"image-block-outer-wrapper          layout-caption-hidden          design-layout-inline\"\n        data-test=\"image-block-inline-outer-wrapper\"\n    ><\/p>\n<figure\n            class=\"sqs-block-image-figure              intrinsic\"\n            style=\"max-width:1432px;\"\n        ><\/p>\n<p>            <button\n                class=\"sqs-block-image-button                  lightbox\"\n                data-description=\"\"\n                data-lightbox-theme=\"dark\"\n            ><br \/>\n              <span class=\"v6-visually-hidden\">View fullsize<\/span><\/p>\n<div\n              \n              \n              class=\"image-block-wrapper\"\n              data-animation-role=\"image\"\n              \n  data-animation-override\n\n><\/p>\n<div class=\"sqs-image-shape-container-element                                              has-aspect-ratio\" style=\"                position: relative;                                  padding-bottom:75%;                                overflow: hidden;-webkit-mask-image: -webkit-radial-gradient(white, black);              \"\n              ><\/p>\n<p>                <img loading=\"lazy\" data-stretch=\"false\" src=\"https:\/\/lacazalladeronda.com\/wp-content\/uploads\/2024\/09\/21_luxury_villa_rental_ronda.jpg\" data-image=\"https:\/\/lacazalladeronda.com\/wp-content\/uploads\/2024\/09\/21_luxury_villa_rental_ronda.jpg\" data-image-dimensions=\"1432x1074\" data-image-focal-point=\"0.5,0.5\" alt=\"luxury_villa_rental_ronda\" data-load=\"false\" elementtiming=\"system-image-block\" width=\"1432\" height=\"1074\" sizes=\"auto, (max-width: 640px) 100vw, (max-width: 767px) 100vw, 100vw\" style=\"display:block;object-fit: cover; width: 100%; height: 100%; object-position: 50% 50%\" onload=\"this.classList.add(&quot;loaded&quot;)\" srcset=\"https:\/\/lacazalladeronda.com\/wp-content\/uploads\/2024\/09\/21_luxury_villa_rental_ronda.jpg?format=100w 100w, https:\/\/lacazalladeronda.com\/wp-content\/uploads\/2024\/09\/21_luxury_villa_rental_ronda.jpg?format=300w 300w, https:\/\/lacazalladeronda.com\/wp-content\/uploads\/2024\/09\/21_luxury_villa_rental_ronda.jpg?format=500w 500w, https:\/\/lacazalladeronda.com\/wp-content\/uploads\/2024\/09\/21_luxury_villa_rental_ronda.jpg?format=750w 750w, https:\/\/lacazalladeronda.com\/wp-content\/uploads\/2024\/09\/21_luxury_villa_rental_ronda.jpg?format=1000w 1000w, https:\/\/lacazalladeronda.com\/wp-content\/uploads\/2024\/09\/21_luxury_villa_rental_ronda.jpg?format=1500w 1500w, https:\/\/lacazalladeronda.com\/wp-content\/uploads\/2024\/09\/21_luxury_villa_rental_ronda.jpg?format=2500w 2500w\" decoding=\"async\" data-loader=\"sqs\"><\/p><\/div>\n<\/p><\/div>\n<p>            <\/button><\/p>\n<\/figure><\/div>\n<div class=\"sqs-html-content\">\n<p>American artists <a target=\"_blank\" href=\"https:\/\/en.m.wikipedia.org\/wiki\/Ernest_Hemingway\" rel=\"noopener\">Ernest Hemingway<\/a>&nbsp;and <a target=\"_blank\" href=\"https:\/\/en.m.wikipedia.org\/wiki\/Orson_Welles\" rel=\"noopener\">Orson Welles<\/a>&nbsp;spent many summers in Ronda as part-time residents of the town&#8217;s old quarter, called La Ciudad. Both wrote about Ronda&#8217;s beauty and famous bullfighting traditions. Their collective accounts have contributed to Ronda&#8217;s popularity over time.<\/p>\n<\/div>\n<div class=\"sqs-gallery-container  sqs-gallery-block-grid  sqs-gallery-aspect-ratio-standard  sqs-gallery-thumbnails-per-row-2                                clear\"\n  \n  \n><\/p>\n<div class=\"sqs-gallery\">\n<div class=\"slide\" data-type=\"image\" data-animation-role=\"image\">\n<div class=\"margin-wrapper\">\n<p>                <a\n                  \n                    data-title=\"\"\n                    data-description=\"\"\n                    data-lightbox-theme=\"dark\"\n                    href=\"https:\/\/lacazalladeronda.com\/wp-content\/uploads\/2024\/09\/Ernest-Hemingway.jpg\"\n                    role=\"button\"\n                  \n\n                  class=\"image-slide-anchor                                          js-gallery-lightbox-opener                                        content-fill\"\n                  \n                ><\/p>\n<p>                    <span class=\"v6-visually-hidden\">View fullsize<\/span><\/p>\n<p>                  <noscript><img decoding=\"async\" src=\"https:\/\/lacazalladeronda.com\/wp-content\/uploads\/2024\/09\/Ernest-Hemingway.jpg\" alt=\"Ernest-Hemingway.jpg\" \/><\/noscript><img decoding=\"async\" class=\"thumb-image\" elementtiming=\"system-gallery-block-grid\" src=\"https:\/\/lacazalladeronda.com\/wp-content\/uploads\/2024\/09\/Ernest-Hemingway.jpg\" data-image=\"https:\/\/lacazalladeronda.com\/wp-content\/uploads\/2024\/09\/Ernest-Hemingway.jpg\" data-image-dimensions=\"1920x1080\" data-image-focal-point=\"0.5,0.5\" alt=\"Ernest-Hemingway.jpg\" data-load=\"false\" data-image-id=\"5a548517f9619a1f6d6a3871\" data-type=\"image\" \/><br \/>\n                <\/a><\/p><\/div>\n<\/p><\/div>\n<div class=\"slide\" data-type=\"image\" data-animation-role=\"image\">\n<div class=\"margin-wrapper\">\n<p>                <a\n                  \n                    data-title=\"\"\n                    data-description=\"\"\n                    data-lightbox-theme=\"dark\"\n                    href=\"https:\/\/lacazalladeronda.com\/wp-content\/uploads\/2024\/09\/orson_welles.jpg\"\n                    role=\"button\"\n                  \n\n                  class=\"image-slide-anchor                                          js-gallery-lightbox-opener                                        content-fill\"\n                  \n                ><\/p>\n<p>                    <span class=\"v6-visually-hidden\">View fullsize<\/span><\/p>\n<p>                  <noscript><img decoding=\"async\" src=\"https:\/\/lacazalladeronda.com\/wp-content\/uploads\/2024\/09\/orson_welles.jpg\" alt=\"orson_welles.jpg\" \/><\/noscript><img decoding=\"async\" class=\"thumb-image\" elementtiming=\"system-gallery-block-grid\" src=\"https:\/\/lacazalladeronda.com\/wp-content\/uploads\/2024\/09\/orson_welles.jpg\" data-image=\"https:\/\/lacazalladeronda.com\/wp-content\/uploads\/2024\/09\/orson_welles.jpg\" data-image-dimensions=\"588x419\" data-image-focal-point=\"0.5,0.5\" alt=\"orson_welles.jpg\" data-load=\"false\" data-image-id=\"5a5485178165f57dfd20889d\" data-type=\"image\" \/><br \/>\n                <\/a><\/p><\/div>\n<\/p><\/div>\n<\/p><\/div>\n<\/div>\n<style type=\"text\/css\" id=\"design-grid-css\">\n#block-yui_3_17_2_1_1515486974526_37275 .sqs-gallery-block-grid .sqs-gallery-design-grid { margin-right: -10px; }\n#block-yui_3_17_2_1_1515486974526_37275 .sqs-gallery-block-grid .sqs-gallery-design-grid-slide .margin-wrapper { margin-right: 10px; margin-bottom: 10px; }\n<\/style>\n<div class=\"sqs-html-content\">\n<p>A Nobel and Pulitzer prize-winning novelist, essayist, and correspondent, Hemingway was able to capture the many complexities of Spain in a way that enchanted the world. His relationship to Spain was more than that of the casual tourist or even of the detached observer \u2013 Hemingway wholeheartedly celebrated all that was Spanish culture and lifestyle. He was a great bullfighting enthusiast, and he raved about the bullring in Ronda. \u201cThere is one town that would be better . . . to see your first bullfight in if you are only going to see one, and that is Ronda.\u201d Modern bullfighting was invented in Ronda when local bullfighter Pedro Romero decided to change the sport. Originally, bullfighters rode horses, but Romero decided to get down off the horse and confront the bull on foot. In fact, Hemingway named a character Pedro Romero in his 1926 novel <em>The Sun Also Rises<\/em>.<\/p>\n<\/div>\n<div\n        class=\"image-block-outer-wrapper          layout-caption-hidden          design-layout-inline\"\n        data-test=\"image-block-inline-outer-wrapper\"\n    ><\/p>\n<figure\n            class=\"sqs-block-image-figure              intrinsic\"\n            style=\"max-width:1500px;\"\n        ><\/p>\n<p>            <button\n                class=\"sqs-block-image-button                  lightbox\"\n                data-description=\"\"\n                data-lightbox-theme=\"dark\"\n            ><br \/>\n              <span class=\"v6-visually-hidden\">View fullsize<\/span><\/p>\n<div\n              \n              \n              class=\"image-block-wrapper\"\n              data-animation-role=\"image\"\n              \n  data-animation-override\n\n><\/p>\n<div class=\"sqs-image-shape-container-element                                              has-aspect-ratio\" style=\"                position: relative;                                  padding-bottom:43.93333053588867%;                                overflow: hidden;-webkit-mask-image: -webkit-radial-gradient(white, black);              \"\n              ><\/p>\n<p>                <img loading=\"lazy\" data-stretch=\"false\" src=\"https:\/\/lacazalladeronda.com\/wp-content\/uploads\/2024\/09\/22_luxury_villa_rental_ronda.jpg\" data-image=\"https:\/\/lacazalladeronda.com\/wp-content\/uploads\/2024\/09\/22_luxury_villa_rental_ronda.jpg\" data-image-dimensions=\"1500x659\" data-image-focal-point=\"0.5,0.5\" alt=\"luxury_villa_rental_ronda\" data-load=\"false\" elementtiming=\"system-image-block\" width=\"1500\" height=\"659\" sizes=\"auto, (max-width: 640px) 100vw, (max-width: 767px) 100vw, 100vw\" style=\"display:block;object-fit: cover; width: 100%; height: 100%; object-position: 50% 50%\" onload=\"this.classList.add(&quot;loaded&quot;)\" srcset=\"https:\/\/lacazalladeronda.com\/wp-content\/uploads\/2024\/09\/22_luxury_villa_rental_ronda.jpg?format=100w 100w, https:\/\/lacazalladeronda.com\/wp-content\/uploads\/2024\/09\/22_luxury_villa_rental_ronda.jpg?format=300w 300w, https:\/\/lacazalladeronda.com\/wp-content\/uploads\/2024\/09\/22_luxury_villa_rental_ronda.jpg?format=500w 500w, https:\/\/lacazalladeronda.com\/wp-content\/uploads\/2024\/09\/22_luxury_villa_rental_ronda.jpg?format=750w 750w, https:\/\/lacazalladeronda.com\/wp-content\/uploads\/2024\/09\/22_luxury_villa_rental_ronda.jpg?format=1000w 1000w, https:\/\/lacazalladeronda.com\/wp-content\/uploads\/2024\/09\/22_luxury_villa_rental_ronda.jpg?format=1500w 1500w, https:\/\/lacazalladeronda.com\/wp-content\/uploads\/2024\/09\/22_luxury_villa_rental_ronda.jpg?format=2500w 2500w\" decoding=\"async\" data-loader=\"sqs\"><\/p><\/div>\n<\/p><\/div>\n<p>            <\/button><\/p>\n<\/figure><\/div>\n<div class=\"sqs-html-content\">\n<p>But it was not just the town\u2019s bullfighting tradition that so inspired Hemingway. He was also moved by the beauty and romance of this mountainous village, with its narrow, winding streets and white buildings. He said that Ronda \u201cis where you should go if you ever go to Spain on a honeymoon or if you ever bolt with anyone. The entire town and as far as you can see in any direction is romantic background.\u201d<\/p>\n<\/div>\n<div\n        class=\"image-block-outer-wrapper          layout-caption-hidden          design-layout-inline\"\n        data-test=\"image-block-inline-outer-wrapper\"\n    ><\/p>\n<figure\n            class=\"sqs-block-image-figure              intrinsic\"\n            style=\"max-width:400px;\"\n        ><\/p>\n<p>            <button\n                class=\"sqs-block-image-button                  lightbox\"\n                data-description=\"\"\n                data-lightbox-theme=\"dark\"\n            ><br \/>\n              <span class=\"v6-visually-hidden\">View fullsize<\/span><\/p>\n<div\n              \n              \n              class=\"image-block-wrapper\"\n              data-animation-role=\"image\"\n              \n  data-animation-override\n\n><\/p>\n<div class=\"sqs-image-shape-container-element                                              has-aspect-ratio\" style=\"                position: relative;                                  padding-bottom:75%;                                overflow: hidden;-webkit-mask-image: -webkit-radial-gradient(white, black);              \"\n              ><\/p>\n<p>                <img loading=\"lazy\" data-stretch=\"false\" src=\"https:\/\/lacazalladeronda.com\/wp-content\/uploads\/2024\/09\/23_luxury_villa_rental_ronda.jpg\" data-image=\"https:\/\/lacazalladeronda.com\/wp-content\/uploads\/2024\/09\/23_luxury_villa_rental_ronda.jpg\" data-image-dimensions=\"400x300\" data-image-focal-point=\"0.5,0.5\" alt=\"luxury_villa_rental_ronda\" data-load=\"false\" elementtiming=\"system-image-block\" width=\"400\" height=\"300\" sizes=\"auto, (max-width: 640px) 100vw, (max-width: 767px) 100vw, 100vw\" style=\"display:block;object-fit: cover; width: 100%; height: 100%; object-position: 50% 50%\" onload=\"this.classList.add(&quot;loaded&quot;)\" srcset=\"https:\/\/lacazalladeronda.com\/wp-content\/uploads\/2024\/09\/23_luxury_villa_rental_ronda.jpg?format=100w 100w, https:\/\/lacazalladeronda.com\/wp-content\/uploads\/2024\/09\/23_luxury_villa_rental_ronda.jpg?format=300w 300w, https:\/\/lacazalladeronda.com\/wp-content\/uploads\/2024\/09\/23_luxury_villa_rental_ronda.jpg?format=500w 500w, https:\/\/lacazalladeronda.com\/wp-content\/uploads\/2024\/09\/23_luxury_villa_rental_ronda.jpg?format=750w 750w, https:\/\/lacazalladeronda.com\/wp-content\/uploads\/2024\/09\/23_luxury_villa_rental_ronda.jpg?format=1000w 1000w, https:\/\/lacazalladeronda.com\/wp-content\/uploads\/2024\/09\/23_luxury_villa_rental_ronda.jpg?format=1500w 1500w, https:\/\/lacazalladeronda.com\/wp-content\/uploads\/2024\/09\/23_luxury_villa_rental_ronda.jpg?format=2500w 2500w\" decoding=\"async\" data-loader=\"sqs\"><\/p><\/div>\n<\/p><\/div>\n<p>            <\/button><\/p>\n<\/figure><\/div>\n<div class=\"sqs-html-content\">\n<p>Hemingway also wrote two non-fiction books about Ronda:&nbsp;<em>Death in the Afternoon <\/em>(1932) and <em>The Dangerous Summer<\/em>&nbsp;(1985), which was published posthumously.&nbsp;<em>The Dangerous Summer<\/em>&nbsp;follows Hemingway\u2019s good friend, bullfighter Antonio Ord\u00f3\u00f1ez, from bullring to bullring in the summer of 1959. Ronda was heavily affected by the <a target=\"_blank\" href=\"https:\/\/en.m.wikipedia.org\/wiki\/Spanish_Civil_War\" rel=\"noopener\">Spanish Civil War<\/a>, after which much of the population emigrated elsewhere. The famous scene in chapter 10 of Hemingway&#8217;s <a target=\"_blank\" href=\"https:\/\/en.m.wikipedia.org\/wiki\/For_Whom_the_Bell_Tolls\" rel=\"noopener\">For Whom the Bell Tolls<\/a>, describing the 1936 execution of Fascist sympathisers in a (fictional) village who are thrown off a cliff, is considered to be modelled on actual events at the time in Ronda.<\/p>\n<\/div>\n<div\n        class=\"image-block-outer-wrapper          layout-caption-hidden          design-layout-inline\"\n        data-test=\"image-block-inline-outer-wrapper\"\n    ><\/p>\n<figure\n            class=\"sqs-block-image-figure              intrinsic\"\n            style=\"max-width:185px;\"\n        ><\/p>\n<p>            <button\n                class=\"sqs-block-image-button                  lightbox\"\n                data-description=\"\"\n                data-lightbox-theme=\"dark\"\n            ><br \/>\n              <span class=\"v6-visually-hidden\">View fullsize<\/span><\/p>\n<div\n              \n              \n              class=\"image-block-wrapper\"\n              data-animation-role=\"image\"\n              \n  data-animation-override\n\n><\/p>\n<div class=\"sqs-image-shape-container-element                                              has-aspect-ratio\" style=\"                position: relative;                                  padding-bottom:107.02703094482422%;                                overflow: hidden;-webkit-mask-image: -webkit-radial-gradient(white, black);              \"\n              ><\/p>\n<p>                <img loading=\"lazy\" data-stretch=\"false\" src=\"https:\/\/lacazalladeronda.com\/wp-content\/uploads\/2024\/09\/24_luxury_villa_rental_ronda.jpg\" data-image=\"https:\/\/lacazalladeronda.com\/wp-content\/uploads\/2024\/09\/24_luxury_villa_rental_ronda.jpg\" data-image-dimensions=\"185x198\" data-image-focal-point=\"0.5,0.5\" alt=\"luxury_villa_rental_ronda\" data-load=\"false\" elementtiming=\"system-image-block\" width=\"185\" height=\"198\" sizes=\"auto, (max-width: 640px) 100vw, (max-width: 767px) 100vw, 100vw\" style=\"display:block;object-fit: cover; width: 100%; height: 100%; object-position: 50% 50%\" onload=\"this.classList.add(&quot;loaded&quot;)\" srcset=\"https:\/\/lacazalladeronda.com\/wp-content\/uploads\/2024\/09\/24_luxury_villa_rental_ronda.jpg?format=100w 100w, https:\/\/lacazalladeronda.com\/wp-content\/uploads\/2024\/09\/24_luxury_villa_rental_ronda.jpg?format=300w 300w, https:\/\/lacazalladeronda.com\/wp-content\/uploads\/2024\/09\/24_luxury_villa_rental_ronda.jpg?format=500w 500w, https:\/\/lacazalladeronda.com\/wp-content\/uploads\/2024\/09\/24_luxury_villa_rental_ronda.jpg?format=750w 750w, https:\/\/lacazalladeronda.com\/wp-content\/uploads\/2024\/09\/24_luxury_villa_rental_ronda.jpg?format=1000w 1000w, https:\/\/lacazalladeronda.com\/wp-content\/uploads\/2024\/09\/24_luxury_villa_rental_ronda.jpg?format=1500w 1500w, https:\/\/lacazalladeronda.com\/wp-content\/uploads\/2024\/09\/24_luxury_villa_rental_ronda.jpg?format=2500w 2500w\" decoding=\"async\" data-loader=\"sqs\"><\/p><\/div>\n<\/p><\/div>\n<p>            <\/button><\/p>\n<\/figure><\/div>\n<div class=\"sqs-html-content\">\n<p>Antonio Ord\u00f3\u00f1ez, perhaps the most famous bullfighter in Spain in his day, also became a great friend of Orson Welles. The American director, writer, actor and producer spent a great deal of time with Ord\u00f3\u00f1ez while summering in Ronda. Like Hemingway, Welles was a devoted bullfighting enthusiast. Interestingly, his ashes are buried in a well on Ord\u00f3\u00f1ez\u2019s estate.<\/p>\n<p>Whether you are an artist or writer yourself, or you simply enjoy reading, you may also be inspired by this charming and historic city. Our <a target=\"_blank\" href=\"https:\/\/www.etsy.com\/shop\/ArtByVix\" rel=\"noopener\">own resident artist<\/a> has been compelled to create a few pieces of her own, depicting Ronda&#8217;s famous bridge, Arco de Felipe V and a painting featuring a bull (although she reflects a slightly different viewpoint from that of Hemingway and Welles).<\/p>\n<\/div>\n<div class=\"sqs-gallery-container  sqs-gallery-block-grid  sqs-gallery-aspect-ratio-standard  sqs-gallery-thumbnails-per-row-3                                clear\"\n  \n  \n><\/p>\n<div class=\"sqs-gallery\">\n<div class=\"slide\" data-type=\"image\" data-animation-role=\"image\">\n<div class=\"margin-wrapper\">\n<p>                <a\n                  \n                    data-title=\"El Puente Nuevo Ronda\"\n                    data-description=\"&lt;p&gt;Completed in 1793, the historic 'New Bridge' links the old and new town of Ronda. It is an astonishing piece of architecture and engineering with an enthralling history. Described as &quot;one of the greatest sights in Spain&quot;, this beautiful bridge standing 98m\/321ft high provides incredible views of the Tajo Gorge and Serran\u00eda de Ronda mountains. Now a museum, parts of the span column were used as a prison for bandits and dangerous criminals during the 19th century, and then for political prisoners during the Spanish civil war.&lt;\/p&gt;\"\n                    data-lightbox-theme=\"dark\"\n                    href=\"https:\/\/lacazalladeronda.com\/wp-content\/uploads\/2024\/09\/PuenteNuevoRonda-Edited.jpg\"\n                    role=\"button\"\n                  \n\n                  class=\"image-slide-anchor                                          js-gallery-lightbox-opener                                        content-fill\"\n                  \n                ><\/p>\n<p>                    <span class=\"v6-visually-hidden\">View fullsize<\/span><\/p>\n<p>                  <noscript><img decoding=\"async\" src=\"https:\/\/lacazalladeronda.com\/wp-content\/uploads\/2024\/09\/PuenteNuevoRonda-Edited.jpg\" alt=\"El Puente Nuevo Ronda\" \/><\/noscript><img decoding=\"async\" class=\"thumb-image\" elementtiming=\"system-gallery-block-grid\" src=\"https:\/\/lacazalladeronda.com\/wp-content\/uploads\/2024\/09\/PuenteNuevoRonda-Edited.jpg\" data-image=\"https:\/\/lacazalladeronda.com\/wp-content\/uploads\/2024\/09\/PuenteNuevoRonda-Edited.jpg\" data-image-dimensions=\"1097x1337\" data-image-focal-point=\"0.5,0.5\" alt=\"El Puente Nuevo Ronda\" data-load=\"false\" data-image-id=\"5a548c4171c10b117ef3dcb8\" data-type=\"image\" \/><br \/>\n                <\/a><\/p><\/div>\n<\/p><\/div>\n<div class=\"slide\" data-type=\"image\" data-animation-role=\"image\">\n<div class=\"margin-wrapper\">\n<p>                <a\n                  \n                    data-title=\"\u00bfPor qu\u00e9?\"\n                    data-description=\"&lt;p&gt;Bullfighting has a long tradition in Spain, and is a difficult and touchy subject to discuss here. As an ex-pat artist living in Ronda, the location of one of the oldest bullrings in Spain, I wanted to express how I felt about this long-standing tradition. I see it as incredibly cruel and unnecessary, but I have lived in many countries around the world where I have encountered unusual ancient traditions, and it is not my place, as a visitor, to criticize another country's values and traditions.&lt;br \/&gt;&lt;br \/&gt;I decided to paint the bull uninjured, but with clear signs of having inflicted an injury himself (the blood on one horn). I imagine the bull, for once, to have acted aggressively first, with great power, in self-defense, prior to the toreador inflicting injury with a lance (a 'pica'). I have tried to show the bull's expression as both apologetic and confused, expressing how I feel about bullfighting. The title of the painting '\u00bfPor qu\u00e9?' means 'Why?' in Spanish.&lt;\/p&gt;\"\n                    data-lightbox-theme=\"dark\"\n                    href=\"https:\/\/lacazalladeronda.com\/wp-content\/uploads\/2024\/09\/PorquC3A9-Edited.jpg\"\n                    role=\"button\"\n                  \n\n                  class=\"image-slide-anchor                                          js-gallery-lightbox-opener                                        content-fill\"\n                  \n                ><\/p>\n<p>                    <span class=\"v6-visually-hidden\">View fullsize<\/span><\/p>\n<p>                  <noscript><img decoding=\"async\" src=\"https:\/\/lacazalladeronda.com\/wp-content\/uploads\/2024\/09\/PorquC3A9-Edited.jpg\" alt=\"\u00bfPor qu\u00e9?\" \/><\/noscript><img decoding=\"async\" class=\"thumb-image\" elementtiming=\"system-gallery-block-grid\" src=\"https:\/\/lacazalladeronda.com\/wp-content\/uploads\/2024\/09\/PorquC3A9-Edited.jpg\" data-image=\"https:\/\/lacazalladeronda.com\/wp-content\/uploads\/2024\/09\/PorquC3A9-Edited.jpg\" data-image-dimensions=\"1275x1023\" data-image-focal-point=\"0.5,0.5\" alt=\"\u00bfPor qu\u00e9?\" data-load=\"false\" data-image-id=\"5a548c32ec212dd40aca1357\" data-type=\"image\" \/><br \/>\n                <\/a><\/p><\/div>\n<\/p><\/div>\n<div class=\"slide\" data-type=\"image\" data-animation-role=\"image\">\n<div class=\"margin-wrapper\">\n<p>                <a\n                  \n                    data-title=\"Arco de Felipe V, Ronda, Spain\"\n                    data-description=\"&lt;p&gt;The soft pastel shades of the old arch contrasted against the stark white of the town's buildings and vivid blue sky inspired me to paint this view of Ronda.&lt;br \/&gt;&lt;br \/&gt;Probably every visitor to Ronda passes under this arch on their way from La Ciudad into Padre Jesus or the other way. Back in the 18th century, until the completion of the Puente Nuevo, the arch was the main entrance into the city and was hurriedly built after the collapse of the old Arab gate in 1742. Felipe V was the first Bourbon King of Spain, and contributed greatly to the rebuilding of the economy and fortunes of Spain after the disastrous losses in the War of Succession.&lt;\/p&gt;\"\n                    data-lightbox-theme=\"dark\"\n                    href=\"https:\/\/lacazalladeronda.com\/wp-content\/uploads\/2024\/09\/ArcodeFelipeVRonda-Edited.jpg\"\n                    role=\"button\"\n                  \n\n                  class=\"image-slide-anchor                                          js-gallery-lightbox-opener                                        content-fill\"\n                  \n                ><\/p>\n<p>                    <span class=\"v6-visually-hidden\">View fullsize<\/span><\/p>\n<p>                  <noscript><img decoding=\"async\" src=\"https:\/\/lacazalladeronda.com\/wp-content\/uploads\/2024\/09\/ArcodeFelipeVRonda-Edited.jpg\" alt=\"Arco de Felipe V, Ronda, Spain\" \/><\/noscript><img decoding=\"async\" class=\"thumb-image\" elementtiming=\"system-gallery-block-grid\" src=\"https:\/\/lacazalladeronda.com\/wp-content\/uploads\/2024\/09\/ArcodeFelipeVRonda-Edited.jpg\" data-image=\"https:\/\/lacazalladeronda.com\/wp-content\/uploads\/2024\/09\/ArcodeFelipeVRonda-Edited.jpg\" data-image-dimensions=\"1355x1049\" data-image-focal-point=\"0.5,0.5\" alt=\"Arco de Felipe V, Ronda, Spain\" data-load=\"false\" data-image-id=\"5a548c338165f57dfd21199a\" data-type=\"image\" \/><br \/>\n                <\/a><\/p><\/div>\n<\/p><\/div>\n<\/p><\/div>\n<\/div>\n<style type=\"text\/css\" id=\"design-grid-css\">\n#block-yui_3_17_2_1_1515486974526_80463 .sqs-gallery-block-grid .sqs-gallery-design-grid { margin-right: -8px; }\n#block-yui_3_17_2_1_1515486974526_80463 .sqs-gallery-block-grid .sqs-gallery-design-grid-slide .margin-wrapper { margin-right: 8px; margin-bottom: 8px; }\n<\/style>\n<div class=\"sqs-html-content\">\n<p>A \u2018retreat\u2019 to <a target=\"_blank\" href=\"\/es\/our-property\/\" rel=\"noopener\">La Cazalla<\/a> could not in any way be considered a \u2018withdrawal from enemy forces\u2019 but more a wonderful escape, where the soothing sights and sounds of nature in this secluded valley will ease your mind and stir your senses in whatever direction you wish them to travel. Yes, you could call it \u2018running for the hills\u2019 but only in a very, very good way indeed!<\/p>\n<\/div>\n<div\n        class=\"image-block-outer-wrapper          layout-caption-hidden          design-layout-inline\"\n        data-test=\"image-block-inline-outer-wrapper\"\n    ><\/p>\n<figure\n            class=\"sqs-block-image-figure              intrinsic\"\n            style=\"max-width:486px;\"\n        ><\/p>\n<p>            <button\n                class=\"sqs-block-image-button                  lightbox\"\n                data-description=\"\"\n                data-lightbox-theme=\"dark\"\n            ><br \/>\n              <span class=\"v6-visually-hidden\">View fullsize<\/span><\/p>\n<div\n              \n              \n              class=\"image-block-wrapper\"\n              data-animation-role=\"image\"\n              \n  data-animation-override\n\n><\/p>\n<div class=\"sqs-image-shape-container-element                                              has-aspect-ratio\" style=\"                position: relative;                                  padding-bottom:62.96295928955078%;                                overflow: hidden;-webkit-mask-image: -webkit-radial-gradient(white, black);              \"\n              ><\/p>\n<p>                <img loading=\"lazy\" data-stretch=\"false\" src=\"https:\/\/lacazalladeronda.com\/wp-content\/uploads\/2024\/09\/25_luxury_villa_rental_ronda.jpg\" data-image=\"https:\/\/lacazalladeronda.com\/wp-content\/uploads\/2024\/09\/25_luxury_villa_rental_ronda.jpg\" data-image-dimensions=\"486x306\" data-image-focal-point=\"0.5,0.5\" alt=\"luxury_villa_rental_ronda\" data-load=\"false\" elementtiming=\"system-image-block\" width=\"486\" height=\"306\" sizes=\"auto, (max-width: 640px) 100vw, (max-width: 767px) 100vw, 100vw\" style=\"display:block;object-fit: cover; width: 100%; height: 100%; object-position: 50% 50%\" onload=\"this.classList.add(&quot;loaded&quot;)\" srcset=\"https:\/\/lacazalladeronda.com\/wp-content\/uploads\/2024\/09\/25_luxury_villa_rental_ronda.jpg?format=100w 100w, https:\/\/lacazalladeronda.com\/wp-content\/uploads\/2024\/09\/25_luxury_villa_rental_ronda.jpg?format=300w 300w, https:\/\/lacazalladeronda.com\/wp-content\/uploads\/2024\/09\/25_luxury_villa_rental_ronda.jpg?format=500w 500w, https:\/\/lacazalladeronda.com\/wp-content\/uploads\/2024\/09\/25_luxury_villa_rental_ronda.jpg?format=750w 750w, https:\/\/lacazalladeronda.com\/wp-content\/uploads\/2024\/09\/25_luxury_villa_rental_ronda.jpg?format=1000w 1000w, https:\/\/lacazalladeronda.com\/wp-content\/uploads\/2024\/09\/25_luxury_villa_rental_ronda.jpg?format=1500w 1500w, https:\/\/lacazalladeronda.com\/wp-content\/uploads\/2024\/09\/25_luxury_villa_rental_ronda.jpg?format=2500w 2500w\" decoding=\"async\" data-loader=\"sqs\"><\/p><\/div>\n<\/p><\/div>\n<p>            <\/button><\/p>\n<\/figure><\/div>\n<div\n  class=\"sqs-block-button-container sqs-block-button-container--center\"\n  data-animation-role=\"button\"\n  data-alignment=\"center\"\n  data-button-size=\"medium\"\n  data-button-type=\"primary\"\n><br \/>\n  <a href=\"\/es\/our-location\/\" class=\"sqs-block-button-element--medium sqs-button-element--primary sqs-block-button-element\" target=\"_blank\" rel=\"noopener\"><br \/>\n    Stay with us<br \/>\n  <\/a>\n<\/div>","protected":false},"excerpt":{"rendered":"<p>\u2018Retreat\u2019 &#8211; it is an interesting oddity that the dictionary meaning of the verb \u2018to retreat\u2019 is to withdraw from enemy forces, to fall back after a defeat, to run away or to change one\u2019s mind, attitude or plans as a result of criticism or difficulty. Yet the modern connection with the word is entirely more pleasant and positive<\/p>","protected":false},"author":1,"featured_media":53,"comment_status":"open","ping_status":"open","sticky":false,"template":"","format":"standard","meta":{"_acf_changed":false,"_monsterinsights_skip_tracking":false,"_monsterinsights_sitenote_active":false,"_monsterinsights_sitenote_note":"","_monsterinsights_sitenote_category":0,"footnotes":""},"categories":[229],"tags":[264,263,120,262,132,137,134,261],"class_list":["post-52","post","type-post","status-publish","format-standard","has-post-thumbnail","hentry","category-things-to-do-in-ronda","tag-art-and-history-ronda-spain","tag-artists-in-spain","tag-luxury-villa-rental-ronda-andalucia-spain","tag-photography-spain","tag-winter-holidays-in-spain","tag-winter-sunshine","tag-winter-vacations-spain","tag-writers-retreat-spain"],"acf":[],"yoast_head":"<!-- This site is optimized with the Yoast SEO plugin v26.5 - https:\/\/yoast.com\/wordpress\/plugins\/seo\/ -->\n<title>Ronda: An inspiration for writers and artists, and La Cazalla: the perfect writer&#039;s retreat - La Cazalla de Ronda<\/title>\n<meta name=\"robots\" content=\"index, follow, max-snippet:-1, max-image-preview:large, max-video-preview:-1\" \/>\n<link rel=\"canonical\" href=\"https:\/\/lacazalladeronda.com\/es\/2018-1-8-ronda-an-inspiration-for-writers-and-artists-and-la-cazalla-the-perfect-writers-retreat\/\" \/>\n<meta property=\"og:locale\" content=\"es_ES\" \/>\n<meta property=\"og:type\" content=\"article\" \/>\n<meta property=\"og:title\" content=\"Ronda: An inspiration for writers and artists, and La Cazalla: the perfect writer&#039;s retreat - La Cazalla de Ronda\" \/>\n<meta property=\"og:description\" content=\"\u2018Retreat\u2019 - it is an interesting oddity that the dictionary meaning of the verb \u2018to retreat\u2019 is to withdraw from enemy forces, to fall back after a defeat, to run away or to change one\u2019s mind, attitude or plans as a result of criticism or difficulty. Yet the modern connection with the word is entirely more pleasant and positive\" \/>\n<meta property=\"og:url\" content=\"https:\/\/lacazalladeronda.com\/es\/2018-1-8-ronda-an-inspiration-for-writers-and-artists-and-la-cazalla-the-perfect-writers-retreat\/\" \/>\n<meta property=\"og:site_name\" content=\"La Cazalla de Ronda\" \/>\n<meta property=\"article:published_time\" content=\"2018-01-09T10:08:53+00:00\" \/>\n<meta property=\"article:modified_time\" content=\"2024-09-27T10:12:39+00:00\" \/>\n<meta property=\"og:image\" content=\"https:\/\/lacazalladeronda.com\/wp-content\/uploads\/2018\/01\/Relaxing2Bin2BRonda.jpg\" \/>\n\t<meta property=\"og:image:width\" content=\"500\" \/>\n\t<meta property=\"og:image:height\" content=\"333\" \/>\n\t<meta property=\"og:image:type\" content=\"image\/jpeg\" \/>\n<meta name=\"author\" content=\"yescreative\" \/>\n<meta name=\"twitter:card\" content=\"summary_large_image\" \/>\n<meta name=\"twitter:label1\" content=\"Escrito por\" \/>\n\t<meta name=\"twitter:data1\" content=\"yescreative\" \/>\n\t<meta name=\"twitter:label2\" content=\"Tiempo de lectura\" \/>\n\t<meta name=\"twitter:data2\" content=\"5 minutos\" \/>\n<script type=\"application\/ld+json\" class=\"yoast-schema-graph\">{\"@context\":\"https:\/\/schema.org\",\"@graph\":[{\"@type\":\"WebPage\",\"@id\":\"https:\/\/lacazalladeronda.com\/2018-1-8-ronda-an-inspiration-for-writers-and-artists-and-la-cazalla-the-perfect-writers-retreat\/\",\"url\":\"https:\/\/lacazalladeronda.com\/2018-1-8-ronda-an-inspiration-for-writers-and-artists-and-la-cazalla-the-perfect-writers-retreat\/\",\"name\":\"Ronda: An inspiration for writers and artists, and La Cazalla: the perfect writer's retreat - La Cazalla de Ronda\",\"isPartOf\":{\"@id\":\"https:\/\/lacazalladeronda.com\/#website\"},\"primaryImageOfPage\":{\"@id\":\"https:\/\/lacazalladeronda.com\/2018-1-8-ronda-an-inspiration-for-writers-and-artists-and-la-cazalla-the-perfect-writers-retreat\/#primaryimage\"},\"image\":{\"@id\":\"https:\/\/lacazalladeronda.com\/2018-1-8-ronda-an-inspiration-for-writers-and-artists-and-la-cazalla-the-perfect-writers-retreat\/#primaryimage\"},\"thumbnailUrl\":\"https:\/\/lacazalladeronda.com\/wp-content\/uploads\/2018\/01\/Relaxing2Bin2BRonda.jpg\",\"datePublished\":\"2018-01-09T10:08:53+00:00\",\"dateModified\":\"2024-09-27T10:12:39+00:00\",\"author\":{\"@id\":\"https:\/\/lacazalladeronda.com\/#\/schema\/person\/b77c2bc16e58047134c17389f806c5b7\"},\"breadcrumb\":{\"@id\":\"https:\/\/lacazalladeronda.com\/2018-1-8-ronda-an-inspiration-for-writers-and-artists-and-la-cazalla-the-perfect-writers-retreat\/#breadcrumb\"},\"inLanguage\":\"es\",\"potentialAction\":[{\"@type\":\"ReadAction\",\"target\":[\"https:\/\/lacazalladeronda.com\/2018-1-8-ronda-an-inspiration-for-writers-and-artists-and-la-cazalla-the-perfect-writers-retreat\/\"]}]},{\"@type\":\"ImageObject\",\"inLanguage\":\"es\",\"@id\":\"https:\/\/lacazalladeronda.com\/2018-1-8-ronda-an-inspiration-for-writers-and-artists-and-la-cazalla-the-perfect-writers-retreat\/#primaryimage\",\"url\":\"https:\/\/lacazalladeronda.com\/wp-content\/uploads\/2018\/01\/Relaxing2Bin2BRonda.jpg\",\"contentUrl\":\"https:\/\/lacazalladeronda.com\/wp-content\/uploads\/2018\/01\/Relaxing2Bin2BRonda.jpg\",\"width\":500,\"height\":333,\"caption\":\"exc-5a535def9140b76bbfcf608e\"},{\"@type\":\"BreadcrumbList\",\"@id\":\"https:\/\/lacazalladeronda.com\/2018-1-8-ronda-an-inspiration-for-writers-and-artists-and-la-cazalla-the-perfect-writers-retreat\/#breadcrumb\",\"itemListElement\":[{\"@type\":\"ListItem\",\"position\":1,\"name\":\"Home\",\"item\":\"https:\/\/lacazalladeronda.com\/\"},{\"@type\":\"ListItem\",\"position\":2,\"name\":\"Ronda: An inspiration for writers and artists, and La Cazalla: the perfect writer&#8217;s retreat\"}]},{\"@type\":\"WebSite\",\"@id\":\"https:\/\/lacazalladeronda.com\/#website\",\"url\":\"https:\/\/lacazalladeronda.com\/\",\"name\":\"La Cazalla de Ronda\",\"description\":\"Discreet luxury in a secret country house in Andalucia\",\"potentialAction\":[{\"@type\":\"SearchAction\",\"target\":{\"@type\":\"EntryPoint\",\"urlTemplate\":\"https:\/\/lacazalladeronda.com\/?s={search_term_string}\"},\"query-input\":{\"@type\":\"PropertyValueSpecification\",\"valueRequired\":true,\"valueName\":\"search_term_string\"}}],\"inLanguage\":\"es\"},{\"@type\":\"Person\",\"@id\":\"https:\/\/lacazalladeronda.com\/#\/schema\/person\/b77c2bc16e58047134c17389f806c5b7\",\"name\":\"yescreative\",\"image\":{\"@type\":\"ImageObject\",\"inLanguage\":\"es\",\"@id\":\"https:\/\/lacazalladeronda.com\/#\/schema\/person\/image\/\",\"url\":\"https:\/\/secure.gravatar.com\/avatar\/7563113b98b3604e84bc35e0bdd79706fe445ddfac5424215a4c73b8de54f395?s=96&d=mm&r=g\",\"contentUrl\":\"https:\/\/secure.gravatar.com\/avatar\/7563113b98b3604e84bc35e0bdd79706fe445ddfac5424215a4c73b8de54f395?s=96&d=mm&r=g\",\"caption\":\"yescreative\"},\"sameAs\":[\"https:\/\/lacazalladeronda.com\"],\"url\":\"https:\/\/lacazalladeronda.com\/es\/author\/yescreative\/\"}]}<\/script>\n<!-- \/ Yoast SEO plugin. -->","yoast_head_json":{"title":"Ronda: An inspiration for writers and artists, and La Cazalla: the perfect writer's retreat - La Cazalla de Ronda","robots":{"index":"index","follow":"follow","max-snippet":"max-snippet:-1","max-image-preview":"max-image-preview:large","max-video-preview":"max-video-preview:-1"},"canonical":"https:\/\/lacazalladeronda.com\/es\/2018-1-8-ronda-an-inspiration-for-writers-and-artists-and-la-cazalla-the-perfect-writers-retreat\/","og_locale":"es_ES","og_type":"article","og_title":"Ronda: An inspiration for writers and artists, and La Cazalla: the perfect writer's retreat - La Cazalla de Ronda","og_description":"\u2018Retreat\u2019 - it is an interesting oddity that the dictionary meaning of the verb \u2018to retreat\u2019 is to withdraw from enemy forces, to fall back after a defeat, to run away or to change one\u2019s mind, attitude or plans as a result of criticism or difficulty. Yet the modern connection with the word is entirely more pleasant and positive","og_url":"https:\/\/lacazalladeronda.com\/es\/2018-1-8-ronda-an-inspiration-for-writers-and-artists-and-la-cazalla-the-perfect-writers-retreat\/","og_site_name":"La Cazalla de Ronda","article_published_time":"2018-01-09T10:08:53+00:00","article_modified_time":"2024-09-27T10:12:39+00:00","og_image":[{"width":500,"height":333,"url":"https:\/\/lacazalladeronda.com\/wp-content\/uploads\/2018\/01\/Relaxing2Bin2BRonda.jpg","type":"image\/jpeg"}],"author":"yescreative","twitter_card":"summary_large_image","twitter_misc":{"Escrito por":"yescreative","Tiempo de lectura":"5 minutos"},"schema":{"@context":"https:\/\/schema.org","@graph":[{"@type":"WebPage","@id":"https:\/\/lacazalladeronda.com\/2018-1-8-ronda-an-inspiration-for-writers-and-artists-and-la-cazalla-the-perfect-writers-retreat\/","url":"https:\/\/lacazalladeronda.com\/2018-1-8-ronda-an-inspiration-for-writers-and-artists-and-la-cazalla-the-perfect-writers-retreat\/","name":"Ronda: An inspiration for writers and artists, and La Cazalla: the perfect writer's retreat - La Cazalla de Ronda","isPartOf":{"@id":"https:\/\/lacazalladeronda.com\/#website"},"primaryImageOfPage":{"@id":"https:\/\/lacazalladeronda.com\/2018-1-8-ronda-an-inspiration-for-writers-and-artists-and-la-cazalla-the-perfect-writers-retreat\/#primaryimage"},"image":{"@id":"https:\/\/lacazalladeronda.com\/2018-1-8-ronda-an-inspiration-for-writers-and-artists-and-la-cazalla-the-perfect-writers-retreat\/#primaryimage"},"thumbnailUrl":"https:\/\/lacazalladeronda.com\/wp-content\/uploads\/2018\/01\/Relaxing2Bin2BRonda.jpg","datePublished":"2018-01-09T10:08:53+00:00","dateModified":"2024-09-27T10:12:39+00:00","author":{"@id":"https:\/\/lacazalladeronda.com\/#\/schema\/person\/b77c2bc16e58047134c17389f806c5b7"},"breadcrumb":{"@id":"https:\/\/lacazalladeronda.com\/2018-1-8-ronda-an-inspiration-for-writers-and-artists-and-la-cazalla-the-perfect-writers-retreat\/#breadcrumb"},"inLanguage":"es","potentialAction":[{"@type":"ReadAction","target":["https:\/\/lacazalladeronda.com\/2018-1-8-ronda-an-inspiration-for-writers-and-artists-and-la-cazalla-the-perfect-writers-retreat\/"]}]},{"@type":"ImageObject","inLanguage":"es","@id":"https:\/\/lacazalladeronda.com\/2018-1-8-ronda-an-inspiration-for-writers-and-artists-and-la-cazalla-the-perfect-writers-retreat\/#primaryimage","url":"https:\/\/lacazalladeronda.com\/wp-content\/uploads\/2018\/01\/Relaxing2Bin2BRonda.jpg","contentUrl":"https:\/\/lacazalladeronda.com\/wp-content\/uploads\/2018\/01\/Relaxing2Bin2BRonda.jpg","width":500,"height":333,"caption":"exc-5a535def9140b76bbfcf608e"},{"@type":"BreadcrumbList","@id":"https:\/\/lacazalladeronda.com\/2018-1-8-ronda-an-inspiration-for-writers-and-artists-and-la-cazalla-the-perfect-writers-retreat\/#breadcrumb","itemListElement":[{"@type":"ListItem","position":1,"name":"Home","item":"https:\/\/lacazalladeronda.com\/"},{"@type":"ListItem","position":2,"name":"Ronda: An inspiration for writers and artists, and La Cazalla: the perfect writer&#8217;s retreat"}]},{"@type":"WebSite","@id":"https:\/\/lacazalladeronda.com\/#website","url":"https:\/\/lacazalladeronda.com\/","name":"La Cazalla de Ronda","description":"Discreet luxury in a secret country house in Andalucia","potentialAction":[{"@type":"SearchAction","target":{"@type":"EntryPoint","urlTemplate":"https:\/\/lacazalladeronda.com\/?s={search_term_string}"},"query-input":{"@type":"PropertyValueSpecification","valueRequired":true,"valueName":"search_term_string"}}],"inLanguage":"es"},{"@type":"Person","@id":"https:\/\/lacazalladeronda.com\/#\/schema\/person\/b77c2bc16e58047134c17389f806c5b7","name":"si creativo","image":{"@type":"ImageObject","inLanguage":"es","@id":"https:\/\/lacazalladeronda.com\/#\/schema\/person\/image\/","url":"https:\/\/secure.gravatar.com\/avatar\/7563113b98b3604e84bc35e0bdd79706fe445ddfac5424215a4c73b8de54f395?s=96&d=mm&r=g","contentUrl":"https:\/\/secure.gravatar.com\/avatar\/7563113b98b3604e84bc35e0bdd79706fe445ddfac5424215a4c73b8de54f395?s=96&d=mm&r=g","caption":"yescreative"},"sameAs":["https:\/\/lacazalladeronda.com"],"url":"https:\/\/lacazalladeronda.com\/es\/author\/yescreative\/"}]}},"_links":{"self":[{"href":"https:\/\/lacazalladeronda.com\/es\/wp-json\/wp\/v2\/posts\/52","targetHints":{"allow":["GET"]}}],"collection":[{"href":"https:\/\/lacazalladeronda.com\/es\/wp-json\/wp\/v2\/posts"}],"about":[{"href":"https:\/\/lacazalladeronda.com\/es\/wp-json\/wp\/v2\/types\/post"}],"author":[{"embeddable":true,"href":"https:\/\/lacazalladeronda.com\/es\/wp-json\/wp\/v2\/users\/1"}],"replies":[{"embeddable":true,"href":"https:\/\/lacazalladeronda.com\/es\/wp-json\/wp\/v2\/comments?post=52"}],"version-history":[{"count":1,"href":"https:\/\/lacazalladeronda.com\/es\/wp-json\/wp\/v2\/posts\/52\/revisions"}],"predecessor-version":[{"id":9708,"href":"https:\/\/lacazalladeronda.com\/es\/wp-json\/wp\/v2\/posts\/52\/revisions\/9708"}],"wp:featuredmedia":[{"embeddable":true,"href":"https:\/\/lacazalladeronda.com\/es\/wp-json\/wp\/v2\/media\/53"}],"wp:attachment":[{"href":"https:\/\/lacazalladeronda.com\/es\/wp-json\/wp\/v2\/media?parent=52"}],"wp:term":[{"taxonomy":"category","embeddable":true,"href":"https:\/\/lacazalladeronda.com\/es\/wp-json\/wp\/v2\/categories?post=52"},{"taxonomy":"post_tag","embeddable":true,"href":"https:\/\/lacazalladeronda.com\/es\/wp-json\/wp\/v2\/tags?post=52"}],"curies":[{"name":"wp","href":"https:\/\/api.w.org\/{rel}","templated":true}]}}